{"id":295,"date":"2022-01-14T00:00:35","date_gmt":"2022-01-14T03:00:35","guid":{"rendered":"https:\/\/remocao.ifes.edu.br\/?p=295"},"modified":"2024-03-18T16:21:12","modified_gmt":"2024-03-18T19:21:12","slug":"remocao-interna-01-2022","status":"publish","type":"post","link":"https:\/\/remocao.ifes.edu.br\/index.php\/2022\/01\/14\/remocao-interna-01-2022\/","title":{"rendered":"Remo\u00e7\u00e3o Interna 01\/2022"},"content":{"rendered":"<h2 class=\"wp-block-heading\">1\u00aa chamada<\/h2>\n<p><a href=\"https:\/\/remocao.ifes.edu.br\/wp-content\/uploads\/2024\/03\/1-2022-Edital-Remocao-Interna-01-2022-retificado-em-04.02.22.pdf\">Remo\u00e7\u00e3o Interna 01\/2022 \u2013 1\u00aa chamada (formato .pdf, tamanho 180 kb) \u2013 publicado em 14\/01\/2022<\/a>&nbsp;\u2013 ultima atualiza\u00e7\u00e3o em 20\/01\/2022 \u2013 retificado em 04\/02\/2022<\/p>\n<p><a rel=\"noreferrer noopener\" href=\"https:\/\/remocao.ifes.edu.br\/wp-content\/uploads\/2024\/03\/1-2022-Anexo-II-Termo-de-opcao-de-vaga.docx\" target=\"_blank\">Anexo II \u2013 Termo de Op\u00e7\u00e3o de Vaga (formato .docx, tamanho 30 kb) \u2013 publicado em 14\/01\/2022<\/a><\/p>\n<p><a rel=\"noreferrer noopener\" href=\"https:\/\/remocao.ifes.edu.br\/wp-content\/uploads\/2024\/03\/1-2022-Anexo-III-MODELO-DE-DECLARACAO-DE-PARTICIPACAO-EM-PROGRAMAS_PROJETOS-PARA-CHAMADA-DE-REMOCAO-INTERNA.docx\" target=\"_blank\">Anexo III \u2013 Modelo de declara\u00e7\u00e3o de participa\u00e7\u00e3o em programas\/projetos (formato .docx, tamanho 32 kb) \u2013 publicado em 14\/01\/2022<\/a><\/p>\n<p><strong>OBSERVA\u00c7\u00c3O PARA OS CARGOS DE DOCENTE<\/strong>&nbsp;\u2013 o(a) servidor(a) dever\u00e1 escolher o campus que deseja remo\u00e7\u00e3o e no campo \u201cJustificativa\u201d ou \u201cobserva\u00e7\u00e3o\u201d informar o perfil que pleiteia a remo\u00e7\u00e3o.<\/p>\n<p><a rel=\"noreferrer noopener\" href=\"https:\/\/remocao.ifes.edu.br\/wp-content\/uploads\/2024\/03\/1-2022-Tutorial-SIGRH_Remocao_R02.pdf\" target=\"_blank\">Tutorial para cadastro na chamada interna de remo\u00e7\u00e3o \u2013 (formato .pdf, tamanho 2mb) \u2013 publicado em 14\/01\/2022<\/a><\/p>\n<p><a href=\"https:\/\/remocao.ifes.edu.br\/wp-content\/uploads\/2024\/03\/1-2022-Retificacao-01-14-01-2022.pdf\">Retifica\u00e7\u00e3o 01 (formato .pdf, tamanho 136 kb) \u2013 publicado em 14\/01\/2022<\/a><\/p>\n<p><a href=\"https:\/\/remocao.ifes.edu.br\/wp-content\/uploads\/2024\/03\/1-2022-Retificacao-02.pdf\">Retifica\u00e7\u00e3o 02 (formato .pdf, tamanho 164 kb) \u2013 publicado em 20\/01\/2022<\/a><\/p>\n<p><a href=\"https:\/\/remocao.ifes.edu.br\/wp-content\/uploads\/2024\/03\/1-2022-Retificacao-03.pdf\">Retifica\u00e7\u00e3o 03 (formato .pdf, tamanho 196kb) \u2013 publicado em 28\/01\/2022<\/a><\/p>\n<p><a href=\"https:\/\/remocao.ifes.edu.br\/wp-content\/uploads\/2024\/03\/1-2022-Retificacao-04-publicada-em-03-02-22.pdf\">Retifica\u00e7\u00e3o 04 (formato .pdf, tamanho 200kb) \u2013 publicado em 03\/02\/2022<\/a><\/p>\n<p><a href=\"https:\/\/remocao.ifes.edu.br\/wp-content\/uploads\/2024\/03\/1-2022-Retificacao-05.docx.pdf\">Retifica\u00e7\u00e3o 05 (formato .pdf, tamanho 194 kb) \u2013 publicado em 04\/02\/2022<\/a><\/p>\n<p><a href=\"https:\/\/remocao.ifes.edu.br\/wp-content\/uploads\/2024\/03\/1-2022-Relacao-de-Inscritos-na-1-chamada-PEBTT-retificado-em-04.02.22.pdf\">Rela\u00e7\u00e3o de inscritos na 1\u00aa chamada \u2013 PEBTT \u2013 (formato .pdf, tamanho 92 kb) \u2013 publicado em 22\/01\/2022<\/a>&nbsp;\u2013 retificado em 04\/02\/2022<\/p>\n<p><a href=\"https:\/\/remocao.ifes.edu.br\/wp-content\/uploads\/2024\/03\/1-2022-Relacao-de-Inscritos-na-1-chamada-TAE.pdf\">Rela\u00e7\u00e3o de inscritos na 1\u00aa chamada \u2013 TAE \u2013 (formato .pdf, tamanho 94 kb) \u2013 publicado em 22\/01\/2022<\/a><\/p>\n<p><a href=\"https:\/\/remocao.ifes.edu.br\/wp-content\/uploads\/2024\/03\/1-2022-Resultado-Parcial-da-1-chamada-TAE.pdf\">Resultado Parcial 1\u00aa chamada \u2013 TAE \u2013 (formato .pdf, tamanho 101 kb) \u2013 publicado em 24\/01\/2022<\/a><\/p>\n<p><a href=\"https:\/\/remocao.ifes.edu.br\/wp-content\/uploads\/2024\/03\/1-2022-Resultado-Parcail-da-1-chamada-PEBTT.-retificado-em-04.02.22.pdf\">Resultado Parcial 1\u00aa chamada \u2013 PEBTT \u2013 (formato .pdf, tamanho 104 kb) \u2013 publicado em 24\/01\/2022<\/a>&nbsp;\u2013 retificado em 04\/02\/2022<\/p>\n<p><a href=\"https:\/\/remocao.ifes.edu.br\/wp-content\/uploads\/2024\/03\/1-2022-Resultado-apos-recurso-da-1-chamada-TAE-Reiticacao.pdf\">Resultado da 1\u00aa chamada ap\u00f3s recurso \u2013 TAE \u2013 (formato .pdf, tamanho 99 kb) \u2013 publicado em 27\/01\/2022<\/a>&nbsp;\u2013 retificado em 03\/02\/2022<\/p>\n<p><a href=\"https:\/\/remocao.ifes.edu.br\/wp-content\/uploads\/2024\/03\/1-2022-Resultado-apos-recurso-da-1-chamada-PEBTT-retificado-04.02.22.pdf\">Resultado da 1\u00aa chamada ap\u00f3s recurso \u2013 PEBTT \u2013 (formato .pdf, tamanho 104 kb) \u2013 publicado em 27\/01\/2022<\/a>&nbsp;\u2013 retificado em 28\/01\/2022 \u2013 retificado em 03\/02\/2022 \u2013 retificado em 04\/02\/2022<\/p>\n<p><strong>Resultado Final<\/strong><\/p>\n<ul>\n<li><a href=\"https:\/\/remocao.ifes.edu.br\/wp-content\/uploads\/2024\/03\/1-2022-Resultado-Final-da-1-Chamada-TAE-retificado-03-02-2022.pdf\">Resultado Final da 1\u00aa \u2013 TAE \u2013 (formato .pdf, tamanho 96 kb) \u2013 publicado em 27\/01\/2022<\/a>&nbsp;\u2013 retificado em 03\/02\/2022<\/li>\n<li><a href=\"https:\/\/remocao.ifes.edu.br\/wp-content\/uploads\/2024\/03\/1-2022-Resultado-Final-da-1-Chamada-PEBTT-retificado-04.02.22.pdf\">Resultado Final da 1\u00aa \u2013 PEBTT \u2013 (formato .pdf, tamanho 95 kb) \u2013 publicado em 27\/01\/2022<\/a>&nbsp;\u2013 retificado em 03\/02\/2022 \u2013 retificado em 04\/02\/2022<\/li>\n<\/ul>\n<p><a href=\"https:\/\/remocao.ifes.edu.br\/wp-content\/uploads\/2024\/03\/1-2022-Informe.pdf\">INFORME 01 (formato .pdf, tamanho 97 kb) \u2013 publicado em 04\/02\/2022<\/a><\/p>\n<h2 class=\"wp-block-heading\">2\u00aa chamada<\/h2>\n<p><a href=\"https:\/\/remocao.ifes.edu.br\/wp-content\/uploads\/2024\/03\/1-2022-Edital-Remocao-Interna-01-2022-2.-retificado-04.02.2022.pdf\">Remo\u00e7\u00e3o Interna 01\/2022 \u2013 2\u00aa chamada (formato .pdf, tamanho 178 kb) \u2013 publicado em 28\/01\/2022<\/a>&nbsp;\u2013 retificado em 04\/02\/2022<\/p>\n<p><a rel=\"noreferrer noopener\" href=\"https:\/\/remocao.ifes.edu.br\/wp-content\/uploads\/2024\/03\/1-2022-Anexo-II-Termo-de-opcao-de-vaga.docx\" target=\"_blank\">Anexo II \u2013 Termo de Op\u00e7\u00e3o de Vaga (formato .docx, tamanho 30 kb) \u2013 publicado em 28\/01\/2022<\/a><\/p>\n<p><a rel=\"noreferrer noopener\" href=\"https:\/\/remocao.ifes.edu.br\/wp-content\/uploads\/2024\/03\/1-2022-Anexo-III-MODELO-DE-DECLARACAO-DE-PARTICIPACAO-EM-PROGRAMAS_PROJETOS-PARA-CHAMADA-DE-REMOCAO-INTERNA.docx\" target=\"_blank\">Anexo III \u2013 Modelo de declara\u00e7\u00e3o de participa\u00e7\u00e3o em programas\/projetos (formato .docx, tamanho 32 kb) \u2013 publicado em 28\/01\/2022<\/a><\/p>\n<p><strong>OBSERVA\u00c7\u00c3O PARA OS CARGOS DE DOCENTE<\/strong>&nbsp;\u2013 o(a) servidor(a) dever\u00e1 escolher o campus que deseja remo\u00e7\u00e3o e no campo \u201cJustificativa\u201d ou \u201cobserva\u00e7\u00e3o\u201d informar o perfil que pleiteia a remo\u00e7\u00e3o.<\/p>\n<p><a rel=\"noreferrer noopener\" href=\"https:\/\/remocao.ifes.edu.br\/wp-content\/uploads\/2024\/03\/1-2022-Tutorial-SIGRH_Remocao_R02.pdf\" target=\"_blank\">Tutorial para cadastro na chamada interna de remo\u00e7\u00e3o \u2013 (formato .pdf, tamanho 2mb) \u2013 publicado em 28\/01\/2022<\/a><\/p>\n<p><a href=\"https:\/\/remocao.ifes.edu.br\/wp-content\/uploads\/2024\/03\/1-2022-Retificacao-01-04-10-2022.pdf\">Retifica\u00e7\u00e3o 01 (formato .pdf, tamanho 167 kb) \u2013 publicado em 04\/02\/2022<\/a><\/p>\n<p><a href=\"https:\/\/remocao.ifes.edu.br\/wp-content\/uploads\/2024\/03\/1-2022-Relacao-de-Inscritos-na-2-chamada-PEBTT.-retificado-04.02.22.pdf\">Rela\u00e7\u00e3o de inscritos na 2\u00aa chamada \u2013 PEBTT \u2013 (formato .pdf, tamanho 76 kb) \u2013 publicado em 01\/02\/2022<\/a>&nbsp;\u2013 retificado em 04\/02\/2022<\/p>\n<p><a href=\"https:\/\/remocao.ifes.edu.br\/wp-content\/uploads\/2024\/03\/1-2022-Relacao-de-Inscritos-na-2-chamada-TAE.pdf\">Rela\u00e7\u00e3o de inscritos na 2\u00aa chamada \u2013 TAE \u2013 (formato .pdf, tamanho 75 kb) \u2013 publicado em 01\/02\/2022<\/a><\/p>\n<p><a href=\"https:\/\/remocao.ifes.edu.br\/wp-content\/uploads\/2024\/03\/1-2022-Resultado-Parcial-da-2-chamada-TAE.pdf\">Resultado Parcial 2\u00aa chamada \u2013 TAE \u2013 (formato .pdf, tamanho 69 kb) \u2013 publicado em 03\/02\/2022<\/a><\/p>\n<p><a href=\"https:\/\/remocao.ifes.edu.br\/wp-content\/uploads\/2024\/03\/1-2022-Resultado-Parcail-da-2-chamada-PEBTT-.pdf\">Resultado Parcial 2\u00aa chamada \u2013 PEBTT \u2013 (formato .pdf, tamanho 105 kb) \u2013 publicado em 03\/02\/2022<\/a><\/p>\n<p><a href=\"https:\/\/remocao.ifes.edu.br\/wp-content\/uploads\/2024\/03\/1-2022-Resultado-apos-recurso-2a-chamada-TAE.pdf\">Resultado da 2\u00aa chamada ap\u00f3s recurso \u2013 TAE \u2013 (formato .pdf, tamanho 72 kb) \u2013 publicado em 06\/02\/2022&nbsp;<\/a><\/p>\n<p><a href=\"https:\/\/remocao.ifes.edu.br\/wp-content\/uploads\/2024\/03\/1-2022-Resultado-apos-recurso-2a-chamada-PEBTT.pdf\">Resultado da 2\u00aa chamada ap\u00f3s recurso \u2013 PEBTT \u2013 (formato .pdf, tamanho 95 kb) \u2013 publicado em 06\/02\/2022<\/a><\/p>\n<p><strong>Resultado Final<\/strong><\/p>\n<ul>\n<li><a href=\"https:\/\/remocao.ifes.edu.br\/wp-content\/uploads\/2024\/03\/1-2022-Resultado-Final-2a-chamada-TAE.pdf\">Resultado Final da 2\u00aa \u2013 TAE \u2013 (formato .pdf, tamanho 72 kb) \u2013 publicado em 06\/02\/2022<\/a><\/li>\n<li><a href=\"https:\/\/remocao.ifes.edu.br\/wp-content\/uploads\/2024\/03\/1-2022-Resultado-Final-2a-chamada-PEBTT.pdf\">Resultado Final da 2\u00aa \u2013 PEBTT \u2013 (formato .pdf, tamanho 86 kb) \u2013 publicado em 06\/02\/2022<\/a><\/li>\n<\/ul>\n<h2 class=\"wp-block-heading\">3\u00aa chamada<\/h2>\n<p><a href=\"https:\/\/remocao.ifes.edu.br\/wp-content\/uploads\/2024\/03\/1-2022-Edital-Remocao-Interna-01-2022-3-chamada-retificado.pdf\">Remo\u00e7\u00e3o Interna 01\/2022 \u2013 3\u00aa chamada (formato .pdf, tamanho 173 kb) \u2013 publicado em 06\/02\/2022<\/a>&nbsp;\u2013 retificado em 07\/02\/2022<\/p>\n<p><a rel=\"noreferrer noopener\" href=\"https:\/\/remocao.ifes.edu.br\/wp-content\/uploads\/2024\/03\/1-2022-Anexo-II-Termo-de-opcao-de-vaga.docx\" target=\"_blank\">Anexo II \u2013 Termo de Op\u00e7\u00e3o de Vaga (formato .docx, tamanho 30 kb) \u2013 publicado em 06\/02\/2022<\/a><\/p>\n<p><a rel=\"noreferrer noopener\" href=\"https:\/\/remocao.ifes.edu.br\/wp-content\/uploads\/2024\/03\/1-2022-Anexo-III-MODELO-DE-DECLARACAO-DE-PARTICIPACAO-EM-PROGRAMAS_PROJETOS-PARA-CHAMADA-DE-REMOCAO-INTERNA.docx\" target=\"_blank\">Anexo III \u2013 Modelo de declara\u00e7\u00e3o de participa\u00e7\u00e3o em programas\/projetos (formato .docx, tamanho 32 kb) \u2013 publicado em 06\/02\/2022<\/a><\/p>\n<p><strong>OBSERVA\u00c7\u00c3O PARA OS CARGOS DE DOCENTE<\/strong>&nbsp;\u2013 o(a) servidor(a) dever\u00e1 escolher o campus que deseja remo\u00e7\u00e3o e no campo \u201cJustificativa\u201d ou \u201cobserva\u00e7\u00e3o\u201d informar o perfil que pleiteia a remo\u00e7\u00e3o.<\/p>\n<p><a rel=\"noreferrer noopener\" href=\"https:\/\/remocao.ifes.edu.br\/wp-content\/uploads\/2024\/03\/1-2022-Tutorial-SIGRH_Remocao_R02.pdf\" target=\"_blank\">Tutorial para cadastro na chamada interna de remo\u00e7\u00e3o \u2013 (formato .pdf, tamanho 2mb) \u2013 publicado em 06\/02\/2022<\/a><\/p>\n<p><a href=\"https:\/\/remocao.ifes.edu.br\/wp-content\/uploads\/2024\/03\/1-2022-Retificacao-01.docx.pdf\">Retifica\u00e7\u00e3o 01 (formato .pdf, tamanho 213 kb) \u2013 publicado em 07\/02\/2022<\/a><\/p>\n<p><a href=\"https:\/\/remocao.ifes.edu.br\/wp-content\/uploads\/2024\/03\/1-2022-Relacao-de-Inscritos-na-3-chamada-TAE.pdf\">Rela\u00e7\u00e3o de inscritos na 3\u00aa chamada \u2013 TAE \u2013 (formato .pdf, tamanho 63 kb) \u2013 publicado em 10\/02\/2022<\/a><\/p>\n<p><a href=\"https:\/\/remocao.ifes.edu.br\/wp-content\/uploads\/2024\/03\/1-2022-Relacao-de-Inscritos-na-3-chamada-PEBTT-1.pdf\">Rela\u00e7\u00e3o de inscritos na 3\u00aa chamada \u2013 PEBTT \u2013 (formato .pdf, tamanho 79 kb) \u2013 publicado em 10\/02\/2022<\/a>&nbsp;\u2013 retificado em 11\/02\/2022<\/p>\n<p><a href=\"https:\/\/remocao.ifes.edu.br\/wp-content\/uploads\/2024\/03\/1-2022-Resultado-Parcial-da-3-chamada-TAE.pdf\">Resultado Parcial 3\u00aa chamada \u2013 TAE \u2013 (formato .pdf, tamanho 63 kb) \u2013 publicado em 12\/02\/2022<\/a><\/p>\n<p><a href=\"https:\/\/remocao.ifes.edu.br\/wp-content\/uploads\/2024\/03\/1-2022-Resultado-Parcial-da-3-chamada-PEBTT.pdf\">Resultado Parcial 3\u00aa chamada \u2013 PEBTT \u2013 (formato .pdf, tamanho 83 kb) \u2013 publicado em 12\/02\/2022<\/a><\/p>\n<p><a href=\"https:\/\/remocao.ifes.edu.br\/wp-content\/uploads\/2024\/03\/1-2022-Resultado-apos-recurso-da-3-chamada-TAE.pdf\">Resultado da 3\u00aa chamada ap\u00f3s recurso \u2013 TAE \u2013 (formato .pdf, tamanho 63 kb) \u2013 publicado em 15\/02\/2022<\/a>&nbsp;<\/p>\n<p><a href=\"https:\/\/remocao.ifes.edu.br\/wp-content\/uploads\/2024\/03\/1-2022-Resultado-apos-recurso-da-3-chamada-PEBTT.pdf\">Resultado da 3\u00aa chamada ap\u00f3s recurso \u2013 PEBTT \u2013 (formato .pdf, tamanho 83 kb) \u2013 publicado em 15\/02\/2022<\/a><\/p>\n<p><strong>Resultado Final<\/strong><\/p>\n<ul>\n<li><a href=\"https:\/\/remocao.ifes.edu.br\/wp-content\/uploads\/2024\/03\/1-2022-Resultado-Final-da-3-chamada-TAE.pdf\">Resultado Final da 3\u00aa \u2013 TAE \u2013 (formato .pdf, tamanho 63 kb) \u2013 publicado em 15\/02\/2022<\/a><\/li>\n<li><a href=\"https:\/\/remocao.ifes.edu.br\/wp-content\/uploads\/2024\/03\/1-2022-Resultado-Final-da-3-chamada-PEBTT.pdf\">Resultado Final da 3\u00aa \u2013 PEBTT \u2013 (formato .pdf, tamanho 83 kb) \u2013 publicado em 15\/02\/2022<\/a><\/li>\n<\/ul>\n<h2 class=\"wp-block-heading\">Homologa\u00e7\u00e3o<\/h2>\n<p><a href=\"https:\/\/gedoc.ifes.edu.br\/documento\/46986E741730F11C60D48725A33F705D?inline\">PORTARIA N\u00ba 364 \u2013 2022 \u2013 Homologa \u2013 Rela\u00e7\u00e3o dos servidores da carreira de Professor do Ensino B\u00e1sico, T\u00e9cnico e Tecnol\u00f3gico \u2013 PEBTT<\/a><\/p>\n<p><a href=\"https:\/\/gedoc.ifes.edu.br\/documento\/77E6CA4DBAE321769EA61901D0D139A1?inline\">PORTARIA N\u00ba 365 \u2013 2022 \u2013 Homologa \u2013 Rela\u00e7\u00e3o dos servidores da carreira de T\u00e9cnico Administra\u00e7\u00e3o em Educa\u00e7\u00e3o \u2013 TAE<\/a><\/p>\n<p><a href=\"https:\/\/remocao.ifes.edu.br\/wp-content\/uploads\/2024\/03\/1-2022-NOTA-01-SOBRESTAR-A-HOMOLOGACAO-PERFIL-MECANICA.pdf\">NOTA 01 \u2013 Sobrestar a homologa\u00e7\u00e3o dos perfis de Mec\u00e2nica da 1\u00aa e 2\u00aa Chamada<\/a><strong><a href=\"https:\/\/remocao.ifes.edu.br\/wp-content\/uploads\/2024\/03\/1-2022-NOTA-01-SOBRESTAR-A-HOMOLOGACAO-PERFIL-MECANICA.pdf\">&nbsp;<\/a><\/strong><a href=\"https:\/\/remocao.ifes.edu.br\/wp-content\/uploads\/2024\/03\/1-2022-NOTA-01-SOBRESTAR-A-HOMOLOGACAO-PERFIL-MECANICA.pdf\">(formato .pdf, tamanho 73 kb) \u2013 publicado em 04\/04\/2022<\/a>&nbsp;<strong>\u2013 SEM EFEITO<\/strong><\/p>\n<p><a href=\"https:\/\/remocao.ifes.edu.br\/wp-content\/uploads\/2024\/03\/1-2022-NOTA-02-HOMOLOGACAO-PERFIL-MECANICA.pdf\"><strong>NOTA 02 \u2013 homologa\u00e7\u00e3o dos perfis de Mec\u00e2nica da 1\u00aa e 2\u00aa Chamada&nbsp;<\/strong>(formato .pdf, tamanho 81 kb) \u2013 publicado em 29\/04\/2022<\/a><\/p>\n","protected":false},"excerpt":{"rendered":"<p>Processo de remo\u00e7\u00e3o interna do Ifes nos termos da Resolu\u00e7\u00e3o do Conselho Superior n\u00ba 62\/2019.<\/p>\n","protected":false},"author":1,"featured_media":0,"comment_status":"closed","ping_status":"closed","sticky":false,"template":"","format":"standard","meta":{"site-sidebar-layout":"default","site-content-layout":"","ast-site-content-layout":"","site-content-style":"default","site-sidebar-style":"default","ast-global-header-display":"","ast-banner-title-visibility":"","ast-main-header-display":"","ast-hfb-above-header-display":"","ast-hfb-below-header-display":"","ast-hfb-mobile-header-display":"","site-post-title":"","ast-breadcrumbs-content":"","ast-featured-img":"","footer-sml-layout":"","theme-transparent-header-meta":"","adv-header-id-meta":"","stick-header-meta":"","header-above-stick-meta":"","header-main-stick-meta":"","header-below-stick-meta":"","astra-migrate-meta-layouts":"default","ast-page-background-enabled":"default","ast-page-background-meta":{"desktop":{"background-color":"var(--ast-global-color-4)","background-image":"","background-repeat":"repeat","background-position":"center center","background-size":"auto","background-attachment":"scroll","background-type":"","background-media":"","overlay-type":"","overlay-color":"","overlay-opacity":"","overlay-gradient":""},"tablet":{"background-color":"","background-image":"","background-repeat":"repeat","background-position":"center center","background-size":"auto","background-attachment":"scroll","background-type":"","background-media":"","overlay-type":"","overlay-color":"","overlay-opacity":"","overlay-gradient":""},"mobile":{"background-color":"","background-image":"","background-repeat":"repeat","background-position":"center center","background-size":"auto","background-attachment":"scroll","background-type":"","background-media":"","overlay-type":"","overlay-color":"","overlay-opacity":"","overlay-gradient":""}},"ast-content-background-meta":{"desktop":{"background-color":"var(--ast-global-color-5)","background-image":"","background-repeat":"repeat","background-position":"center center","background-size":"auto","background-attachment":"scroll","background-type":"","background-media":"","overlay-type":"","overlay-color":"","overlay-opacity":"","overlay-gradient":""},"tablet":{"background-color":"var(--ast-global-color-5)","background-image":"","background-repeat":"repeat","background-position":"center center","background-size":"auto","background-attachment":"scroll","background-type":"","background-media":"","overlay-type":"","overlay-color":"","overlay-opacity":"","overlay-gradient":""},"mobile":{"background-color":"var(--ast-global-color-5)","background-image":"","background-repeat":"repeat","background-position":"center center","background-size":"auto","background-attachment":"scroll","background-type":"","background-media":"","overlay-type":"","overlay-color":"","overlay-opacity":"","overlay-gradient":""}},"footnotes":""},"categories":[3],"tags":[],"class_list":["post-295","post","type-post","status-publish","format-standard","hentry","category-editais"],"_links":{"self":[{"href":"https:\/\/remocao.ifes.edu.br\/index.php\/wp-json\/wp\/v2\/posts\/295","targetHints":{"allow":["GET"]}}],"collection":[{"href":"https:\/\/remocao.ifes.edu.br\/index.php\/wp-json\/wp\/v2\/posts"}],"about":[{"href":"https:\/\/remocao.ifes.edu.br\/index.php\/wp-json\/wp\/v2\/types\/post"}],"author":[{"embeddable":true,"href":"https:\/\/remocao.ifes.edu.br\/index.php\/wp-json\/wp\/v2\/users\/1"}],"replies":[{"embeddable":true,"href":"https:\/\/remocao.ifes.edu.br\/index.php\/wp-json\/wp\/v2\/comments?post=295"}],"version-history":[{"count":12,"href":"https:\/\/remocao.ifes.edu.br\/index.php\/wp-json\/wp\/v2\/posts\/295\/revisions"}],"predecessor-version":[{"id":611,"href":"https:\/\/remocao.ifes.edu.br\/index.php\/wp-json\/wp\/v2\/posts\/295\/revisions\/611"}],"wp:attachment":[{"href":"https:\/\/remocao.ifes.edu.br\/index.php\/wp-json\/wp\/v2\/media?parent=295"}],"wp:term":[{"taxonomy":"category","embeddable":true,"href":"https:\/\/remocao.ifes.edu.br\/index.php\/wp-json\/wp\/v2\/categories?post=295"},{"taxonomy":"post_tag","embeddable":true,"href":"https:\/\/remocao.ifes.edu.br\/index.php\/wp-json\/wp\/v2\/tags?post=295"}],"curies":[{"name":"wp","href":"https:\/\/api.w.org\/{rel}","templated":true}]}}