{"id":297,"date":"2022-05-28T14:28:50","date_gmt":"2022-05-28T17:28:50","guid":{"rendered":"https:\/\/remocao.ifes.edu.br\/?p=297"},"modified":"2024-03-19T14:40:32","modified_gmt":"2024-03-19T17:40:32","slug":"remocao-interna-02-2022","status":"publish","type":"post","link":"https:\/\/remocao.ifes.edu.br\/index.php\/2022\/05\/28\/remocao-interna-02-2022\/","title":{"rendered":"Remo\u00e7\u00e3o Interna 02\/2022"},"content":{"rendered":"<h2 class=\"wp-block-heading\">1\u00aa chamada<\/h2>\n<p><a href=\"https:\/\/remocao.ifes.edu.br\/wp-content\/uploads\/2024\/03\/2-2022-Ifes-Edital-Remocao-Interna-02-2022-1.pdf\">Remo\u00e7\u00e3o Interna 02\/2022 \u2013 1\u00aa chamada (formato .pdf, tamanho 173 kb) \u2013 publicado em 20\/05\/2022<\/a><\/p>\n<p><a rel=\"noreferrer noopener\" href=\"https:\/\/remocao.ifes.edu.br\/wp-content\/uploads\/2024\/03\/2-2022-Anexo-II-Termo-de-opcao-de-vaga.docx\" target=\"_blank\">Anexo II \u2013 Termo de Op\u00e7\u00e3o de Vaga (formato .docx, tamanho 30 kb) \u2013 publicado em 20\/05\/2022<\/a><\/p>\n<p><a rel=\"noreferrer noopener\" href=\"https:\/\/remocao.ifes.edu.br\/wp-content\/uploads\/2024\/03\/2-2022-Anexo-III-MODELO-DE-DECLARACAO-DE-PARTICIPACAO-EM-PROGRAMAS_PROJETOS-PARA-CHAMADA-DE-REMOCAO-INTERNA.docx\" target=\"_blank\">Anexo III \u2013 Modelo de declara\u00e7\u00e3o de participa\u00e7\u00e3o em programas\/projetos (formato .docx, tamanho 32 kb) \u2013 publicado em 20\/05\/2022<\/a><\/p>\n<p><strong>OBSERVA\u00c7\u00c3O PARA OS CARGOS DE DOCENTE<\/strong>&nbsp;\u2013 o(a) servidor(a) dever\u00e1 escolher o campus que deseja remo\u00e7\u00e3o e no campo \u201cJustificativa\u201d ou \u201cobserva\u00e7\u00e3o\u201d informar o perfil que pleiteia a remo\u00e7\u00e3o e indicar o n\u00famero de edital de ingresso no servi\u00e7o p\u00fablico como Docente.<\/p>\n<p><a rel=\"noreferrer noopener\" href=\"https:\/\/remocao.ifes.edu.br\/wp-content\/uploads\/2024\/03\/2-2022-Tutorial-SIGRH_Remocao_R02.pdf\" target=\"_blank\">Tutorial para cadastro na chamada interna de remo\u00e7\u00e3o \u2013 (formato .pdf, tamanho 2mb) \u2013 publicado em 20\/05\/2022<\/a><\/p>\n<p><a href=\"https:\/\/remocao.ifes.edu.br\/wp-content\/uploads\/2024\/03\/2-2022-Relacao-de-Inscritos-na-1-chamada-Edital-02-2022-PEBTT.docx.pdf\">Rela\u00e7\u00e3o de inscritos na 1\u00aa chamada \u2013 PEBTT \u2013 (formato .pdf, tamanho 91 kb) \u2013 publicado em 25\/05\/2022<\/a><\/p>\n<p><a href=\"https:\/\/remocao.ifes.edu.br\/wp-content\/uploads\/2024\/03\/2-2022-Relacao-de-Inscritos-na-1-chamada-Edital-02-2022-TAE.docx.pdf\">Rela\u00e7\u00e3o de inscritos na 1\u00aa chamada \u2013 TAE \u2013 (formato .pdf, tamanho 97 kb) \u2013 publicado em 25\/05\/2022<\/a><\/p>\n<p><a href=\"https:\/\/remocao.ifes.edu.br\/wp-content\/uploads\/2024\/03\/2-2022-Resultado-Parcial-da-1-chamada-TAE.docx.pdf\">Resultado Parcial 1\u00aa chamada \u2013 TAE \u2013 (formato .pdf, tamanho 113 kb) \u2013 publicado em 28\/05\/2022<\/a><\/p>\n<p><a href=\"https:\/\/remocao.ifes.edu.br\/wp-content\/uploads\/2024\/03\/2-2022-Resultado-Parcail-da-1-chamada-PEBTT.docx.pdf\">Resultado Parcial 1\u00aa chamada \u2013 PEBTT \u2013 (formato .pdf, tamanho 106 kb) \u2013 publicado em 28\/05\/2022<\/a>&nbsp;<\/p>\n<p><a href=\"https:\/\/remocao.ifes.edu.br\/wp-content\/uploads\/2024\/03\/2-2022-1-Resultado-apos-recurso-1-chamada-TAE.docx.pdf\">Resultado da 1\u00aa chamada ap\u00f3s recurso \u2013 TAE \u2013 (formato .pdf, tamanho 117 kb) \u2013 publicado em 01\/06\/2022<\/a><\/p>\n<p><a href=\"https:\/\/remocao.ifes.edu.br\/wp-content\/uploads\/2024\/03\/2-2022-1.1-Resultado-apos-recurso-1-chamada-PEBTT.docx-1.pdf\">Resultado da 1\u00aa chamada ap\u00f3s recurso \u2013 PEBTT \u2013 (formato .pdf, tamanho 106 kb) \u2013 publicado em 01\/06\/2022<\/a><\/p>\n<h2 class=\"wp-block-heading\">2\u00aa chamada<\/h2>\n<p><a href=\"https:\/\/remocao.ifes.edu.br\/wp-content\/uploads\/2024\/03\/2-2022-Retificado-Edital-Remocao-Interna-02-2022-2a-chamada.docx.pdf\">Remo\u00e7\u00e3o Interna 02\/2022 \u2013 2\u00aa chamada (formato .pdf, tamanho 170 kb) \u2013 publicado em 02\/06\/2022<\/a><a href=\"https:\/\/remocao.ifes.edu.br\/wp-content\/uploads\/2024\/03\/2-2022-Edital-Remocao-Interna-02-2022-2%C2%AA-chamada.pdf\">&nbsp;<\/a>\u2013 Retificado em 03\/06\/2022.<\/p>\n<p><a rel=\"noreferrer noopener\" href=\"https:\/\/remocao.ifes.edu.br\/wp-content\/uploads\/2024\/03\/2-2022-Anexo-II-Termo-de-opcao-de-vaga.docx\" target=\"_blank\">Anexo II \u2013 Termo de Op\u00e7\u00e3o de Vaga (formato .docx, tamanho 30 kb) \u2013 publicado em 02\/06\/2022<\/a><\/p>\n<p><a rel=\"noreferrer noopener\" href=\"https:\/\/remocao.ifes.edu.br\/wp-content\/uploads\/2024\/03\/2-2022-Anexo-III-MODELO-DE-DECLARACAO-DE-PARTICIPACAO-EM-PROGRAMAS_PROJETOS-PARA-CHAMADA-DE-REMOCAO-INTERNA.docx\" target=\"_blank\">Anexo III \u2013 Modelo de declara\u00e7\u00e3o de participa\u00e7\u00e3o em programas\/projetos (formato .docx, tamanho 32 kb) \u2013 publicado em 02\/06\/2022<\/a><\/p>\n<p><strong>OBSERVA\u00c7\u00c3O PARA OS CARGOS DE DOCENTE<\/strong>&nbsp;\u2013 o(a) servidor(a) dever\u00e1 escolher o campus que deseja remo\u00e7\u00e3o e no campo \u201cJustificativa\u201d ou \u201cobserva\u00e7\u00e3o\u201d informar o perfil que pleiteia a remo\u00e7\u00e3o e indicar o n\u00famero de edital de ingresso no servi\u00e7o p\u00fablico como Docente.<\/p>\n<p><a rel=\"noreferrer noopener\" href=\"https:\/\/remocao.ifes.edu.br\/wp-content\/uploads\/2024\/03\/2-2022-Tutorial-SIGRH_Remocao_R02.pdf\" target=\"_blank\">Tutorial para cadastro na chamada interna de remo\u00e7\u00e3o \u2013 (formato .pdf, tamanho 2mb) \u2013 publicado em 02\/06\/2022<\/a><\/p>\n<p><a href=\"https:\/\/remocao.ifes.edu.br\/wp-content\/uploads\/2024\/03\/2-2022-Retificacao-01.docx.pdf\">Retifica\u00e7\u00e3o n\u00ba 01 \u2013 Edital de Remo\u00e7\u00e3o 02\/2022 \u2013 (formato .pdf, tamanho 155 kb) \u2013 publicado em 03\/06\/2022<\/a><\/p>\n<p><a href=\"https:\/\/remocao.ifes.edu.br\/wp-content\/uploads\/2024\/03\/2-2022-Relacao-de-Inscritos-na-2-chamada-PEBTT.docx.pdf\">Rela\u00e7\u00e3o de inscritos na 2\u00aa chamada \u2013 PEBTT \u2013 (formato .pdf, tamanho 58 kb) \u2013 publicado em 07\/06\/2022<\/a><\/p>\n<p><a href=\"https:\/\/remocao.ifes.edu.br\/wp-content\/uploads\/2024\/03\/2-2022-Relacao-de-Inscritos-na-2-chamada-TAE.docx.pdf\">Rela\u00e7\u00e3o de inscritos na 2\u00aa chamada \u2013 TAE \u2013 (formato .pdf, tamanho 84 kb) \u2013 publicado em 07\/06\/2022<\/a><\/p>\n<p><a href=\"https:\/\/remocao.ifes.edu.br\/wp-content\/uploads\/2024\/03\/2-2022-Resultado-Parcial-para-2-chamada-TAE.docx.pdf\">Resultado Parcial 2\u00aa chamada \u2013 TAE \u2013 (formato .pdf, tamanho 94 kb) \u2013 publicado em 09\/06\/2022<\/a><\/p>\n<p><a href=\"https:\/\/remocao.ifes.edu.br\/wp-content\/uploads\/2024\/03\/2-2022-Resultado-Parcial-para-2-chamada-PEBTT.docx.pdf\">Resultado Parcial 2\u00aa chamada \u2013 PEBTT \u2013 (formato .pdf, tamanho 58 kb) \u2013 publicado em 09\/06\/2022&nbsp;<\/a><\/p>\n<p><a href=\"https:\/\/remocao.ifes.edu.br\/wp-content\/uploads\/2024\/03\/2-2022-Resultado-Final-2-chamada-TAE.docx.pdf\">Resultado da 2\u00aa chamada ap\u00f3s recurso \u2013 TAE \u2013 (formato .pdf, tamanho 90 kb) \u2013 publicado em 13\/06\/2022<\/a><\/p>\n<p><a href=\"https:\/\/remocao.ifes.edu.br\/wp-content\/uploads\/2024\/03\/2-2022-Resultado-Final-2-chamada-PEBTT.docx.pdf\">Resultado da 2\u00aa chamada ap\u00f3s recurso \u2013 PEBTT \u2013 (formato .pdf, tamanho 58 kb) \u2013 publicado em 13\/06\/2022<\/a><\/p>\n<p><a href=\"https:\/\/remocao.ifes.edu.br\/wp-content\/uploads\/2024\/03\/2-2022-Retificacao-Resultado-Final-2-chamada-TAE.docx.pdf\">Retifica\u00e7\u00e3o n\u00ba 1 \u2013 Resultado da 2\u00aa chamada ap\u00f3s recurso \u2013 TAE \u2013 (formato .pdf, tamanho 88 kb) \u2013 publicado em 27\/06\/2022<\/a><\/p>\n<h2 class=\"wp-block-heading\">3\u00aa chamada<\/h2>\n<p><a href=\"https:\/\/remocao.ifes.edu.br\/wp-content\/uploads\/2024\/03\/2-2022-Edital-Remocao-Interna-02-2022-3a-chamada.docx.pdf\">Remo\u00e7\u00e3o Interna 02\/2022 \u2013 3\u00aa chamada (formato .pdf, tamanho 168 kb) \u2013 publicado em 14\/06\/2022<\/a><\/p>\n<p><a rel=\"noreferrer noopener\" href=\"https:\/\/remocao.ifes.edu.br\/wp-content\/uploads\/2024\/03\/2-2022-Anexo-II-Termo-de-opcao-de-vaga.docx\" target=\"_blank\">Anexo II \u2013 Termo de Op\u00e7\u00e3o de Vaga (formato .docx, tamanho 30 kb) \u2013 publicado em 14\/06\/2022<\/a><\/p>\n<p><a rel=\"noreferrer noopener\" href=\"https:\/\/remocao.ifes.edu.br\/wp-content\/uploads\/2024\/03\/2-2022-Anexo-III-MODELO-DE-DECLARACAO-DE-PARTICIPACAO-EM-PROGRAMAS_PROJETOS-PARA-CHAMADA-DE-REMOCAO-INTERNA.docx\" target=\"_blank\">Anexo III \u2013 Modelo de declara\u00e7\u00e3o de participa\u00e7\u00e3o em programas\/projetos (formato .docx, tamanho 32 kb) \u2013 publicado em 14\/06\/2022<\/a><\/p>\n<p><strong>OBSERVA\u00c7\u00c3O PARA OS CARGOS DE DOCENTE<\/strong>&nbsp;\u2013 o(a) servidor(a) dever\u00e1 escolher o campus que deseja remo\u00e7\u00e3o e no campo \u201cJustificativa\u201d ou \u201cobserva\u00e7\u00e3o\u201d informar o perfil que pleiteia a remo\u00e7\u00e3o e indicar o n\u00famero de edital de ingresso no servi\u00e7o p\u00fablico como Docente.<\/p>\n<p><a rel=\"noreferrer noopener\" href=\"https:\/\/remocao.ifes.edu.br\/wp-content\/uploads\/2024\/03\/2-2022-Tutorial-SIGRH_Remocao_R02.pdf\" target=\"_blank\">Tutorial para cadastro na chamada interna de remo\u00e7\u00e3o \u2013 (formato .pdf, tamanho 2mb) \u2013 publicado em 14\/06\/2022<\/a><\/p>\n<p><a href=\"https:\/\/remocao.ifes.edu.br\/wp-content\/uploads\/2024\/03\/2-2022-Relacao-de-Inscritos-na-3-chamada-PEBTT.docx.pdf\">Rela\u00e7\u00e3o de inscritos na 3\u00aa chamada \u2013 PEBTT \u2013 (formato .pdf, tamanho 69 kb) \u2013 publicado em 21\/06\/2022<\/a><\/p>\n<p><a href=\"https:\/\/remocao.ifes.edu.br\/wp-content\/uploads\/2024\/03\/2-2022-Relacao-de-Inscritos-na-3-chamada-TAE.docx.pdf\">Rela\u00e7\u00e3o de inscritos na 3\u00aa chamada \u2013 TAE \u2013 (formato .pdf, tamanho 73 kb) \u2013 publicado em 21\/06\/2022<\/a><\/p>\n<p><a href=\"https:\/\/remocao.ifes.edu.br\/wp-content\/uploads\/2024\/03\/2-2022-Resultado-Parcial-3-chamada-TAE.docx.pdf\">Resultado Parcial 3\u00aa chamada \u2013 TAE \u2013 (formato .pdf, tamanho 80 kb) \u2013 publicado em 23\/06\/2022<\/a><\/p>\n<p><a href=\"https:\/\/remocao.ifes.edu.br\/wp-content\/uploads\/2024\/03\/2-2022-Resultado-Parcial-para-3-chamada-PEBTT.docx.pdf\">Resultado Parcial 3\u00aa chamada \u2013 PEBTT \u2013 (formato .pdf, tamanho 58 kb) \u2013 publicado em 23\/06\/2022<\/a><\/p>\n<p><a href=\"https:\/\/remocao.ifes.edu.br\/wp-content\/uploads\/2024\/03\/2-2022-Resultado-Final-3-chamada-TAE.docx.pdf\">Resultado da 3\u00aa chamada ap\u00f3s recurso \u2013 TAE \u2013 (formato .pdf, tamanho 80 kb) \u2013 publicado em 27\/06\/2022<\/a><\/p>\n<p><a href=\"https:\/\/remocao.ifes.edu.br\/wp-content\/uploads\/2024\/03\/2-2022-Resultado-Final-3-chamada-PEBTT.docx.pdf\">Resultado da 3\u00aa chamada ap\u00f3s recurso \u2013 PEBTT \u2013 (formato .pdf, tamanho 56 kb) \u2013 publicado em 27\/06\/2022<\/a><\/p>\n<h2 class=\"wp-block-heading\">Homologa\u00e7\u00e3o<\/h2>\n<p><a href=\"https:\/\/remocao.ifes.edu.br\/wp-content\/uploads\/2024\/03\/2-2022-PORTARIA-No-1380-2022-Homologa-relacao-dos-servidores-da-carreira-de-Professor-do-Ensino-Basico-Tecnico-e-Tecnologico-_-PEBTT.pdf\">PORTARIA N\u00ba 1380 \u2013 2022 \u2013 Homologa \u2013 Rela\u00e7\u00e3o dos servidores da carreira de Professor do Ensino B\u00e1sico, T\u00e9cnico e Tecnol\u00f3gico \u2013 PEBTT<\/a><\/p>\n<p><a href=\"https:\/\/remocao.ifes.edu.br\/wp-content\/uploads\/2024\/03\/2-2022-PORTARIA-No-1370-2022-Homologa-relacao-dos-servidores-da-carreira-de-Tecnico-Administracao-em-Educacao-TAE.pdf\">PORTARIA N\u00ba 1370 \u2013 2022 \u2013 Homologa \u2013 Rela\u00e7\u00e3o dos servidores da carreira de T\u00e9cnico Administra\u00e7\u00e3o em Educa\u00e7\u00e3o \u2013 TAE<\/a><\/p>\n","protected":false},"excerpt":{"rendered":"<p>Processo de remo\u00e7\u00e3o interna do Ifes nos termos da Resolu\u00e7\u00e3o do Conselho Superior n\u00ba 62\/2019.<\/p>\n","protected":false},"author":1,"featured_media":0,"comment_status":"closed","ping_status":"closed","sticky":false,"template":"","format":"standard","meta":{"site-sidebar-layout":"default","site-content-layout":"","ast-site-content-layout":"","site-content-style":"default","site-sidebar-style":"default","ast-global-header-display":"","ast-banner-title-visibility":"","ast-main-header-display":"","ast-hfb-above-header-display":"","ast-hfb-below-header-display":"","ast-hfb-mobile-header-display":"","site-post-title":"","ast-breadcrumbs-content":"","ast-featured-img":"","footer-sml-layout":"","theme-transparent-header-meta":"","adv-header-id-meta":"","stick-header-meta":"","header-above-stick-meta":"","header-main-stick-meta":"","header-below-stick-meta":"","astra-migrate-meta-layouts":"default","ast-page-background-enabled":"default","ast-page-background-meta":{"desktop":{"background-color":"var(--ast-global-color-4)","background-image":"","background-repeat":"repeat","background-position":"center center","background-size":"auto","background-attachment":"scroll","background-type":"","background-media":"","overlay-type":"","overlay-color":"","overlay-opacity":"","overlay-gradient":""},"tablet":{"background-color":"","background-image":"","background-repeat":"repeat","background-position":"center center","background-size":"auto","background-attachment":"scroll","background-type":"","background-media":"","overlay-type":"","overlay-color":"","overlay-opacity":"","overlay-gradient":""},"mobile":{"background-color":"","background-image":"","background-repeat":"repeat","background-position":"center center","background-size":"auto","background-attachment":"scroll","background-type":"","background-media":"","overlay-type":"","overlay-color":"","overlay-opacity":"","overlay-gradient":""}},"ast-content-background-meta":{"desktop":{"background-color":"var(--ast-global-color-5)","background-image":"","background-repeat":"repeat","background-position":"center center","background-size":"auto","background-attachment":"scroll","background-type":"","background-media":"","overlay-type":"","overlay-color":"","overlay-opacity":"","overlay-gradient":""},"tablet":{"background-color":"var(--ast-global-color-5)","background-image":"","background-repeat":"repeat","background-position":"center center","background-size":"auto","background-attachment":"scroll","background-type":"","background-media":"","overlay-type":"","overlay-color":"","overlay-opacity":"","overlay-gradient":""},"mobile":{"background-color":"var(--ast-global-color-5)","background-image":"","background-repeat":"repeat","background-position":"center center","background-size":"auto","background-attachment":"scroll","background-type":"","background-media":"","overlay-type":"","overlay-color":"","overlay-opacity":"","overlay-gradient":""}},"footnotes":""},"categories":[3],"tags":[],"class_list":["post-297","post","type-post","status-publish","format-standard","hentry","category-editais"],"_links":{"self":[{"href":"https:\/\/remocao.ifes.edu.br\/index.php\/wp-json\/wp\/v2\/posts\/297","targetHints":{"allow":["GET"]}}],"collection":[{"href":"https:\/\/remocao.ifes.edu.br\/index.php\/wp-json\/wp\/v2\/posts"}],"about":[{"href":"https:\/\/remocao.ifes.edu.br\/index.php\/wp-json\/wp\/v2\/types\/post"}],"author":[{"embeddable":true,"href":"https:\/\/remocao.ifes.edu.br\/index.php\/wp-json\/wp\/v2\/users\/1"}],"replies":[{"embeddable":true,"href":"https:\/\/remocao.ifes.edu.br\/index.php\/wp-json\/wp\/v2\/comments?post=297"}],"version-history":[{"count":9,"href":"https:\/\/remocao.ifes.edu.br\/index.php\/wp-json\/wp\/v2\/posts\/297\/revisions"}],"predecessor-version":[{"id":839,"href":"https:\/\/remocao.ifes.edu.br\/index.php\/wp-json\/wp\/v2\/posts\/297\/revisions\/839"}],"wp:attachment":[{"href":"https:\/\/remocao.ifes.edu.br\/index.php\/wp-json\/wp\/v2\/media?parent=297"}],"wp:term":[{"taxonomy":"category","embeddable":true,"href":"https:\/\/remocao.ifes.edu.br\/index.php\/wp-json\/wp\/v2\/categories?post=297"},{"taxonomy":"post_tag","embeddable":true,"href":"https:\/\/remocao.ifes.edu.br\/index.php\/wp-json\/wp\/v2\/tags?post=297"}],"curies":[{"name":"wp","href":"https:\/\/api.w.org\/{rel}","templated":true}]}}