{"id":4403,"date":"2026-08-25T17:57:16","date_gmt":"2026-08-25T20:57:16","guid":{"rendered":"https:\/\/remocao.ifes.edu.br\/?p=4403"},"modified":"2026-09-01T16:39:48","modified_gmt":"2026-09-01T19:39:48","slug":"edital-de-remocao-interna-48-2026-campus-montanha","status":"publish","type":"post","link":"https:\/\/remocao.ifes.edu.br\/index.php\/2026\/08\/25\/edital-de-remocao-interna-48-2026-campus-montanha\/","title":{"rendered":"Edital de Remo\u00e7\u00e3o Interna 48\/2026 \u2013 Campus Montanha"},"content":{"rendered":"\n<p><a href=\"https:\/\/drive.google.com\/file\/d\/1lWLq4TAqCxLzCZkmXLXyGazv1UQxgP2U\/view?usp=sharing\">Edital de Remo\u00e7\u00e3o Interna 48\/2026 <\/a>\u2013 Publicado em 25\/08\/2026<\/p>\n\n\n\n<p><a href=\"https:\/\/drive.google.com\/file\/d\/1PMGBxEVWarqLqnJTfR3WiOX76EWho4gx\/view?usp=sharing\">Anexo I &#8211; Cronograma<\/a><\/p>\n\n\n\n<p><a href=\"https:\/\/drive.google.com\/file\/d\/1FmAHKhHCs1rJR9TarygTf-UBgzEDiTHI\/view?usp=sharing\" data-type=\"link\" data-id=\"https:\/\/drive.google.com\/file\/d\/1FmAHKhHCs1rJR9TarygTf-UBgzEDiTHI\/view?usp=sharing\">Anexo II &#8211; Modelo de Declara\u00e7\u00e3o<\/a><\/p>\n\n\n\n<p><a href=\"https:\/\/drive.google.com\/file\/d\/1JliMZ47d8Y-A91kjzkzWNj6atD5qDT6G\/view?usp=sharing\" data-type=\"link\" data-id=\"https:\/\/drive.google.com\/file\/d\/1JliMZ47d8Y-A91kjzkzWNj6atD5qDT6G\/view?usp=sharing\">Anexo III -Termo de Declara\u00e7\u00e3o de vaga<\/a><\/p>\n\n\n\n<p><a href=\"https:\/\/drive.google.com\/file\/d\/1fbwvw4qvl1LYD5HK3f4wHsslnPv_4xOm\/view?usp=sharing\" data-type=\"link\" data-id=\"https:\/\/drive.google.com\/file\/d\/1fbwvw4qvl1LYD5HK3f4wHsslnPv_4xOm\/view?usp=sharing\">Anexo IV \u2013 Declara\u00e7\u00e3o de Participa\u00e7\u00e3o em Programas \/ Projetos <\/a><\/p>\n\n\n\n<p><a href=\"https:\/\/drive.google.com\/file\/d\/1jv2VUp1T_O-gwNkOqE-OZWJusWCpOkXV\/view?usp=sharing\">Lista de inscritos<\/a> &#8211; Publicado em 01\/09\/2026<\/p>\n\n\n\n<p><\/p>\n","protected":false},"excerpt":{"rendered":"<p>Edital de Remo\u00e7\u00e3o Interna 48\/2026 \u2013 Publicado em 25\/08\/2026 Anexo I &#8211; Cronograma Anexo II &#8211; Modelo de Declara\u00e7\u00e3o Anexo [&hellip;]<\/p>\n","protected":false},"author":5,"featured_media":0,"comment_status":"open","ping_status":"open","sticky":false,"template":"","format":"standard","meta":{"site-sidebar-layout":"default","site-content-layout":"","ast-site-content-layout":"","site-content-style":"default","site-sidebar-style":"default","ast-global-header-display":"","ast-banner-title-visibility":"","ast-main-header-display":"","ast-hfb-above-header-display":"","ast-hfb-below-header-display":"","ast-hfb-mobile-header-display":"","site-post-title":"","ast-breadcrumbs-content":"","ast-featured-img":"","footer-sml-layout":"","theme-transparent-header-meta":"","adv-header-id-meta":"","stick-header-meta":"","header-above-stick-meta":"","header-main-stick-meta":"","header-below-stick-meta":"","astra-migrate-meta-layouts":"default","ast-page-background-enabled":"default","ast-page-background-meta":{"desktop":{"background-color":"var(--ast-global-color-4)","background-image":"","background-repeat":"repeat","background-position":"center center","background-size":"auto","background-attachment":"scroll","background-type":"","background-media":"","overlay-type":"","overlay-color":"","overlay-opacity":"","overlay-gradient":""},"tablet":{"background-color":"","background-image":"","background-repeat":"repeat","background-position":"center center","background-size":"auto","background-attachment":"scroll","background-type":"","background-media":"","overlay-type":"","overlay-color":"","overlay-opacity":"","overlay-gradient":""},"mobile":{"background-color":"","background-image":"","background-repeat":"repeat","background-position":"center center","background-size":"auto","background-attachment":"scroll","background-type":"","background-media":"","overlay-type":"","overlay-color":"","overlay-opacity":"","overlay-gradient":""}},"ast-content-background-meta":{"desktop":{"background-color":"var(--ast-global-color-5)","background-image":"","background-repeat":"repeat","background-position":"center center","background-size":"auto","background-attachment":"scroll","background-type":"","background-media":"","overlay-type":"","overlay-color":"","overlay-opacity":"","overlay-gradient":""},"tablet":{"background-color":"var(--ast-global-color-5)","background-image":"","background-repeat":"repeat","background-position":"center center","background-size":"auto","background-attachment":"scroll","background-type":"","background-media":"","overlay-type":"","overlay-color":"","overlay-opacity":"","overlay-gradient":""},"mobile":{"background-color":"var(--ast-global-color-5)","background-image":"","background-repeat":"repeat","background-position":"center center","background-size":"auto","background-attachment":"scroll","background-type":"","background-media":"","overlay-type":"","overlay-color":"","overlay-opacity":"","overlay-gradient":""}},"footnotes":""},"categories":[3],"tags":[],"class_list":["post-4403","post","type-post","status-publish","format-standard","hentry","category-editais"],"_links":{"self":[{"href":"https:\/\/remocao.ifes.edu.br\/index.php\/wp-json\/wp\/v2\/posts\/4403","targetHints":{"allow":["GET"]}}],"collection":[{"href":"https:\/\/remocao.ifes.edu.br\/index.php\/wp-json\/wp\/v2\/posts"}],"about":[{"href":"https:\/\/remocao.ifes.edu.br\/index.php\/wp-json\/wp\/v2\/types\/post"}],"author":[{"embeddable":true,"href":"https:\/\/remocao.ifes.edu.br\/index.php\/wp-json\/wp\/v2\/users\/5"}],"replies":[{"embeddable":true,"href":"https:\/\/remocao.ifes.edu.br\/index.php\/wp-json\/wp\/v2\/comments?post=4403"}],"version-history":[{"count":8,"href":"https:\/\/remocao.ifes.edu.br\/index.php\/wp-json\/wp\/v2\/posts\/4403\/revisions"}],"predecessor-version":[{"id":4516,"href":"https:\/\/remocao.ifes.edu.br\/index.php\/wp-json\/wp\/v2\/posts\/4403\/revisions\/4516"}],"wp:attachment":[{"href":"https:\/\/remocao.ifes.edu.br\/index.php\/wp-json\/wp\/v2\/media?parent=4403"}],"wp:term":[{"taxonomy":"category","embeddable":true,"href":"https:\/\/remocao.ifes.edu.br\/index.php\/wp-json\/wp\/v2\/categories?post=4403"},{"taxonomy":"post_tag","embeddable":true,"href":"https:\/\/remocao.ifes.edu.br\/index.php\/wp-json\/wp\/v2\/tags?post=4403"}],"curies":[{"name":"wp","href":"https:\/\/api.w.org\/{rel}","templated":true}]}}