{"id":4416,"date":"2026-08-26T12:17:01","date_gmt":"2026-08-26T15:17:01","guid":{"rendered":"https:\/\/remocao.ifes.edu.br\/?p=4416"},"modified":"2026-09-01T13:36:28","modified_gmt":"2026-09-01T16:36:28","slug":"edital-de-remocao-interna-46-2026-campus-de-alegre","status":"publish","type":"post","link":"https:\/\/remocao.ifes.edu.br\/index.php\/2026\/08\/26\/edital-de-remocao-interna-46-2026-campus-de-alegre\/","title":{"rendered":"Edital de Remo\u00e7\u00e3o Interna 46\/2026 &#8211; Campus de Alegre"},"content":{"rendered":"\n<p><a href=\"https:\/\/drive.google.com\/drive\/folders\/1KL9JhJ6wdTKQDLrbOZfGn-GQlQhh5IQf\" data-type=\"link\" data-id=\"https:\/\/drive.google.com\/drive\/folders\/1KL9JhJ6wdTKQDLrbOZfGn-GQlQhh5IQf\">Edital de Remo\u00e7\u00e3o Interna 46\/2026<\/a><\/p>\n\n\n\n<p><a href=\"https:\/\/drive.google.com\/drive\/folders\/1KL9JhJ6wdTKQDLrbOZfGn-GQlQhh5IQf\">Anexo I &#8211; Cronograma<\/a><\/p>\n\n\n\n<p><a href=\"https:\/\/drive.google.com\/drive\/folders\/1KL9JhJ6wdTKQDLrbOZfGn-GQlQhh5IQf\">Anexo II &#8211; Modelo de declara\u00e7\u00e3o<\/a><\/p>\n\n\n\n<p><a href=\"https:\/\/drive.google.com\/drive\/folders\/1KL9JhJ6wdTKQDLrbOZfGn-GQlQhh5IQf\">Anexo III -Termo de Declara\u00e7\u00e3o de vaga<\/a><\/p>\n\n\n\n<p><a href=\"https:\/\/drive.google.com\/open?id=1VjbE6FJhZ6P_Qg5sOtVhPcytgeldxD1M_zCmbZ85k3g&amp;usp=drive_copy https:\/\/drive.google.com\/open?id=1lVhQ3OAd-pC5y19h43yHAENRiyPobzO5&amp;usp=drive_copy https:\/\/drive.google.com\/open?id=13mxRtab_oNM0RYqw23NBBPeNBmRQ7Vvc&amp;usp=drive_copy https:\/\/drive.google.com\/open?id=1AytpmDy89ROKHy4EJDCqmbW0bfYXM-m1&amp;usp=drive_copy https:\/\/drive.google.com\/open?id=128ZLQiP9V_IB_aT91UZFPpDreXcR31Fv&amp;usp=drive_copy https:\/\/drive.google.com\/open?id=17s1PoemPfpTvYF4td4dy09G1MgEm60cytfCv-6lCkaM&amp;usp=drive_copy https:\/\/drive.google.com\/open?id=1fzRfAbMNVQWJww8ZoRYOPlFJkoPGb_Zo&amp;usp=drive_copy\">Lista de Inscritos &#8211; Publicado em 1\u00ba\/09\/2026<\/a><\/p>\n","protected":false},"excerpt":{"rendered":"<p>Edital de Remo\u00e7\u00e3o Interna 46\/2026 Anexo I &#8211; Cronograma Anexo II &#8211; Modelo de declara\u00e7\u00e3o Anexo III -Termo de Declara\u00e7\u00e3o [&hellip;]<\/p>\n","protected":false},"author":28,"featured_media":0,"comment_status":"open","ping_status":"open","sticky":false,"template":"","format":"standard","meta":{"site-sidebar-layout":"default","site-content-layout":"","ast-site-content-layout":"","site-content-style":"default","site-sidebar-style":"default","ast-global-header-display":"","ast-banner-title-visibility":"","ast-main-header-display":"","ast-hfb-above-header-display":"","ast-hfb-below-header-display":"","ast-hfb-mobile-header-display":"","site-post-title":"","ast-breadcrumbs-content":"","ast-featured-img":"","footer-sml-layout":"","theme-transparent-header-meta":"","adv-header-id-meta":"","stick-header-meta":"","header-above-stick-meta":"","header-main-stick-meta":"","header-below-stick-meta":"","astra-migrate-meta-layouts":"default","ast-page-background-enabled":"default","ast-page-background-meta":{"desktop":{"background-color":"var(--ast-global-color-4)","background-image":"","background-repeat":"repeat","background-position":"center center","background-size":"auto","background-attachment":"scroll","background-type":"","background-media":"","overlay-type":"","overlay-color":"","overlay-opacity":"","overlay-gradient":""},"tablet":{"background-color":"","background-image":"","background-repeat":"repeat","background-position":"center center","background-size":"auto","background-attachment":"scroll","background-type":"","background-media":"","overlay-type":"","overlay-color":"","overlay-opacity":"","overlay-gradient":""},"mobile":{"background-color":"","background-image":"","background-repeat":"repeat","background-position":"center center","background-size":"auto","background-attachment":"scroll","background-type":"","background-media":"","overlay-type":"","overlay-color":"","overlay-opacity":"","overlay-gradient":""}},"ast-content-background-meta":{"desktop":{"background-color":"var(--ast-global-color-5)","background-image":"","background-repeat":"repeat","background-position":"center center","background-size":"auto","background-attachment":"scroll","background-type":"","background-media":"","overlay-type":"","overlay-color":"","overlay-opacity":"","overlay-gradient":""},"tablet":{"background-color":"var(--ast-global-color-5)","background-image":"","background-repeat":"repeat","background-position":"center center","background-size":"auto","background-attachment":"scroll","background-type":"","background-media":"","overlay-type":"","overlay-color":"","overlay-opacity":"","overlay-gradient":""},"mobile":{"background-color":"var(--ast-global-color-5)","background-image":"","background-repeat":"repeat","background-position":"center center","background-size":"auto","background-attachment":"scroll","background-type":"","background-media":"","overlay-type":"","overlay-color":"","overlay-opacity":"","overlay-gradient":""}},"footnotes":""},"categories":[3,1],"tags":[],"class_list":["post-4416","post","type-post","status-publish","format-standard","hentry","category-editais","category-sem-categoria"],"_links":{"self":[{"href":"https:\/\/remocao.ifes.edu.br\/index.php\/wp-json\/wp\/v2\/posts\/4416","targetHints":{"allow":["GET"]}}],"collection":[{"href":"https:\/\/remocao.ifes.edu.br\/index.php\/wp-json\/wp\/v2\/posts"}],"about":[{"href":"https:\/\/remocao.ifes.edu.br\/index.php\/wp-json\/wp\/v2\/types\/post"}],"author":[{"embeddable":true,"href":"https:\/\/remocao.ifes.edu.br\/index.php\/wp-json\/wp\/v2\/users\/28"}],"replies":[{"embeddable":true,"href":"https:\/\/remocao.ifes.edu.br\/index.php\/wp-json\/wp\/v2\/comments?post=4416"}],"version-history":[{"count":3,"href":"https:\/\/remocao.ifes.edu.br\/index.php\/wp-json\/wp\/v2\/posts\/4416\/revisions"}],"predecessor-version":[{"id":4508,"href":"https:\/\/remocao.ifes.edu.br\/index.php\/wp-json\/wp\/v2\/posts\/4416\/revisions\/4508"}],"wp:attachment":[{"href":"https:\/\/remocao.ifes.edu.br\/index.php\/wp-json\/wp\/v2\/media?parent=4416"}],"wp:term":[{"taxonomy":"category","embeddable":true,"href":"https:\/\/remocao.ifes.edu.br\/index.php\/wp-json\/wp\/v2\/categories?post=4416"},{"taxonomy":"post_tag","embeddable":true,"href":"https:\/\/remocao.ifes.edu.br\/index.php\/wp-json\/wp\/v2\/tags?post=4416"}],"curies":[{"name":"wp","href":"https:\/\/api.w.org\/{rel}","templated":true}]}}